{"id":9375,"date":"2021-09-24T11:53:13","date_gmt":"2021-09-24T11:53:13","guid":{"rendered":"https:\/\/www.kayifamilytv.com\/?p=9375"},"modified":"2021-09-24T11:53:20","modified_gmt":"2021-09-24T11:53:20","slug":"the-leading-actor-of-mevlana-series","status":"publish","type":"post","link":"https:\/\/kayifamilytv.com\/v18\/the-leading-actor-of-mevlana-series\/","title":{"rendered":"THE LEADING ACTOR OF MEVLANA SERIES"},"content":{"rendered":"<h3>WHO WILL BE THE LEADING ACTOR OF MEVLANA SERIES? Who will be the lead actor in TRT\u2019s new series \u2018Mevlana\u2019? When will TRT\u2019s new project \u2018Mevlana\u2019 start?<\/h3>\n<p><script async src=\"https:\/\/pagead2.googlesyndication.com\/pagead\/js\/adsbygoogle.js?client=ca-pub-8052133319358801\"\n     crossorigin=\"anonymous\"><\/script><br \/>\n<ins class=\"adsbygoogle\"\n     style=\"display:block; text-align:center;\"\n     data-ad-layout=\"in-article\"\n     data-ad-format=\"fluid\"\n     data-ad-client=\"ca-pub-8052133319358801\"\n     data-ad-slot=\"8997190170\"><\/ins><br \/>\n<script>\n     (adsbygoogle = window.adsbygoogle || []).push({});\n<\/script><\/p>\n<p>&nbsp;<\/p>\n<p>Filmed at TRT International Konya Film Plateau, for TRT&#8217;s &#8220;Hz. Mevlana\u2019\u2019 after two years of preparation for the TV series, the shooting began.<\/p>\n<p>&nbsp;<\/p>\n<p><a href=\"https:\/\/kayifamilytv.com\/wp-content\/uploads\/2021\/09\/BULENT-INAL-MEVLANA-SERIES.jpg\"><img loading=\"lazy\" decoding=\"async\" class=\"alignnone size-medium wp-image-9378\" src=\"https:\/\/kayifamilytv.com\/wp-content\/uploads\/2021\/09\/BULENT-INAL-MEVLANA-SERIES-481x333.jpg\" alt=\"BULENT INAL MEVLANA SERIES\" width=\"481\" height=\"333\" srcset=\"https:\/\/kayifamilytv.com\/wp-content\/uploads\/2021\/09\/BULENT-INAL-MEVLANA-SERIES-481x333.jpg 481w, https:\/\/kayifamilytv.com\/wp-content\/uploads\/2021\/09\/BULENT-INAL-MEVLANA-SERIES-1024x709.jpg 1024w, https:\/\/kayifamilytv.com\/wp-content\/uploads\/2021\/09\/BULENT-INAL-MEVLANA-SERIES-768x531.jpg 768w, https:\/\/kayifamilytv.com\/wp-content\/uploads\/2021\/09\/BULENT-INAL-MEVLANA-SERIES.jpg 1068w\" sizes=\"auto, (max-width: 481px) 100vw, 481px\" \/><\/a><\/p>\n<p>&nbsp;<\/p>\n<h3>What will be the next project of Bulent Inal? What project will Bulent Inal work in after the Payitaht AbdulHamid series?<\/h3>\n<p>&nbsp;<\/p>\n<p><script async src=\"https:\/\/pagead2.googlesyndication.com\/pagead\/js\/adsbygoogle.js?client=ca-pub-8052133319358801\"\n     crossorigin=\"anonymous\"><\/script><br \/>\n<ins class=\"adsbygoogle\"\n     style=\"display:block; text-align:center;\"\n     data-ad-layout=\"in-article\"\n     data-ad-format=\"fluid\"\n     data-ad-client=\"ca-pub-8052133319358801\"\n     data-ad-slot=\"8997190170\"><\/ins><br \/>\n<script>\n     (adsbygoogle = window.adsbygoogle || []).push({});\n<\/script><\/p>\n<p>TRT&#8217;s highly anticipated &#8220;Hz. Mevlana\u2019\u2019 The lead actor of the series was finally announced. The famous actor B\u00fclent \u0130nal plays Mevl\u00e2na Celaleddin-i Rumi in the series, which will soon meet with the audience on TRT.<\/p>\n<p>&nbsp;<\/p>\n<p><a href=\"https:\/\/kayifamilytv.com\/wp-content\/uploads\/2021\/09\/TRT-MEVLANA-SERIES.jpg\"><img loading=\"lazy\" decoding=\"async\" class=\"alignnone size-medium wp-image-9380\" src=\"https:\/\/kayifamilytv.com\/wp-content\/uploads\/2021\/09\/TRT-MEVLANA-SERIES-571x321.jpg\" alt=\"\" width=\"571\" height=\"321\" srcset=\"https:\/\/kayifamilytv.com\/wp-content\/uploads\/2021\/09\/TRT-MEVLANA-SERIES-571x321.jpg 571w, https:\/\/kayifamilytv.com\/wp-content\/uploads\/2021\/09\/TRT-MEVLANA-SERIES-1024x576.jpg 1024w, https:\/\/kayifamilytv.com\/wp-content\/uploads\/2021\/09\/TRT-MEVLANA-SERIES-768x432.jpg 768w, https:\/\/kayifamilytv.com\/wp-content\/uploads\/2021\/09\/TRT-MEVLANA-SERIES.jpg 1068w\" sizes=\"auto, (max-width: 571px) 100vw, 571px\" \/><\/a><\/p>\n<p>&nbsp;<\/p>\n<p>The first frames from the shoot were shared. Bulent Inal said that he was very excited to play the character of Hz. Mevlana.<\/p>\n<p>&nbsp;<\/p>\n<p><a href=\"https:\/\/kayifamilytv.com\/wp-content\/uploads\/2021\/09\/MEVLANA-SERIES.jpg\"><img loading=\"lazy\" decoding=\"async\" class=\"alignnone size-medium wp-image-9379\" src=\"https:\/\/kayifamilytv.com\/wp-content\/uploads\/2021\/09\/MEVLANA-SERIES-571x321.jpg\" alt=\"\" width=\"571\" height=\"321\" srcset=\"https:\/\/kayifamilytv.com\/wp-content\/uploads\/2021\/09\/MEVLANA-SERIES-571x321.jpg 571w, https:\/\/kayifamilytv.com\/wp-content\/uploads\/2021\/09\/MEVLANA-SERIES-1024x576.jpg 1024w, https:\/\/kayifamilytv.com\/wp-content\/uploads\/2021\/09\/MEVLANA-SERIES-768x432.jpg 768w, https:\/\/kayifamilytv.com\/wp-content\/uploads\/2021\/09\/MEVLANA-SERIES.jpg 1068w\" sizes=\"auto, (max-width: 571px) 100vw, 571px\" \/><\/a><\/p>\n<p>&nbsp;<br \/>\n&nbsp;<br \/>\n<a href=\"https:\/\/t.me\/KayiFamilyTV\" title=\"JOIN OUR TELEGRAM GROUP\" rel=\"noopener\" target=\"_blank\">JOIN OUR TELEGRAM GROUP<\/a><\/p>\n","protected":false},"excerpt":{"rendered":"<p>WHO WILL BE THE LEADING ACTOR OF MEVLANA SERIES? Who will be the lead actor in TRT\u2019s new series \u2018Mevlana\u2019? When will TRT\u2019s new project \u2018Mevlana\u2019 start? &nbsp; Filmed at TRT International Konya Film Plateau, for TRT&#8217;s &#8220;Hz. Mevlana\u2019\u2019 after two years of preparation for the TV series, the shooting began. &nbsp; &nbsp; What will [&hellip;]<\/p>\n","protected":false},"author":4,"featured_media":9377,"comment_status":"closed","ping_status":"open","sticky":false,"template":"","format":"standard","meta":{"footnotes":""},"categories":[2],"tags":[],"class_list":["post-9375","post","type-post","status-publish","format-standard","has-post-thumbnail","hentry","category-news"],"_links":{"self":[{"href":"https:\/\/kayifamilytv.com\/v18\/wp-json\/wp\/v2\/posts\/9375","targetHints":{"allow":["GET"]}}],"collection":[{"href":"https:\/\/kayifamilytv.com\/v18\/wp-json\/wp\/v2\/posts"}],"about":[{"href":"https:\/\/kayifamilytv.com\/v18\/wp-json\/wp\/v2\/types\/post"}],"author":[{"embeddable":true,"href":"https:\/\/kayifamilytv.com\/v18\/wp-json\/wp\/v2\/users\/4"}],"replies":[{"embeddable":true,"href":"https:\/\/kayifamilytv.com\/v18\/wp-json\/wp\/v2\/comments?post=9375"}],"version-history":[{"count":0,"href":"https:\/\/kayifamilytv.com\/v18\/wp-json\/wp\/v2\/posts\/9375\/revisions"}],"wp:featuredmedia":[{"embeddable":true,"href":"https:\/\/kayifamilytv.com\/v18\/wp-json\/wp\/v2\/media\/9377"}],"wp:attachment":[{"href":"https:\/\/kayifamilytv.com\/v18\/wp-json\/wp\/v2\/media?parent=9375"}],"wp:term":[{"taxonomy":"category","embeddable":true,"href":"https:\/\/kayifamilytv.com\/v18\/wp-json\/wp\/v2\/categories?post=9375"},{"taxonomy":"post_tag","embeddable":true,"href":"https:\/\/kayifamilytv.com\/v18\/wp-json\/wp\/v2\/tags?post=9375"}],"curies":[{"name":"wp","href":"https:\/\/api.w.org\/{rel}","templated":true}]}}